{"id":728,"date":"2019-10-29T09:13:19","date_gmt":"2019-10-29T08:13:19","guid":{"rendered":"https:\/\/www.ght-novo.fr\/ghi-vexin\/\/?post_type=actu&#038;p=728"},"modified":"2020-01-07T17:58:57","modified_gmt":"2020-01-07T16:58:57","slug":"reportage-a-lehpad-de-magny-en-vexin","status":"publish","type":"actu","link":"https:\/\/hopital-novo.fr\/ghi-vexin\/actu\/reportage-a-lehpad-de-magny-en-vexin\/","title":{"rendered":"Reportage \u00e0 l&rsquo;EHPAD de Magny-en-Vexin"},"content":{"rendered":"<p style=\"text-align: left;\"><span id=\"ember1644\" class=\"ember-view\">L&rsquo;\u00e9quipe de Vonews 95 s&rsquo;est rendue \u00e0\u00a0 Magny-en-Vexin afin de r\u00e9aliser un reportage sur le <a href=\"https:\/\/hopital-novo.fr\/ghi-vexin\/\/actu\/remise-dun-robot-therapeutique-a-lehpad-du-ghiv-de-magny-en-vexin\/\" target=\"_blank\" rel=\"noopener noreferrer\">nouveau robot th\u00e9rapeutique de l&rsquo;EHPAD<\/a>.<\/span><\/p>\n<p>Capable de r\u00e9agir aux stimuli sonores et tactiles, ce b\u00e9b\u00e9 phoque am\u00e9liore le quotidien des personnes atteintes de la maladie d\u2019Alzheimer ou de troubles apparent\u00e9s.<\/p>\n<div style=\"position: relative; padding-bottom: 57.25%;\"><iframe style=\"position: absolute; top: 0; left: 0; width: 100%; height: 100%;\" src=\"https:\/\/player.myvideoplace.tv\/?v=VIAG_PAD_231019-2\" frameborder=\"0\" allowfullscreen=\"allowfullscreen\"><\/iframe><\/div>\n","protected":false},"featured_media":0,"parent":0,"template":"","meta":{"_acf_changed":false,"_links_to":"","_links_to_target":""},"class_list":["post-728","actu","type-actu","status-publish","hentry"],"acf":[],"_links":{"self":[{"href":"https:\/\/hopital-novo.fr\/ghi-vexin\/wp-json\/wp\/v2\/actu\/728","targetHints":{"allow":["GET"]}}],"collection":[{"href":"https:\/\/hopital-novo.fr\/ghi-vexin\/wp-json\/wp\/v2\/actu"}],"about":[{"href":"https:\/\/hopital-novo.fr\/ghi-vexin\/wp-json\/wp\/v2\/types\/actu"}],"wp:attachment":[{"href":"https:\/\/hopital-novo.fr\/ghi-vexin\/wp-json\/wp\/v2\/media?parent=728"}],"curies":[{"name":"wp","href":"https:\/\/api.w.org\/{rel}","templated":true}]}}