{"id":724,"date":"2019-10-23T10:41:56","date_gmt":"2019-10-23T08:41:56","guid":{"rendered":"https:\/\/www.ght-novo.fr\/ghi-vexin\/\/?post_type=actu&#038;p=724"},"modified":"2019-10-24T09:09:04","modified_gmt":"2019-10-24T07:09:04","slug":"journee-dechanges-professionnels-sur-la-prise-en-charge-de-lampute","status":"publish","type":"actu","link":"https:\/\/hopital-novo.fr\/ghi-vexin\/actu\/journee-dechanges-professionnels-sur-la-prise-en-charge-de-lampute\/","title":{"rendered":"Journ\u00e9e d&rsquo;\u00e9changes professionnels sur la prise en charge de l&rsquo;amput\u00e9"},"content":{"rendered":"<p>Le service de Soins de Suites et de R\u00e9adaptation locomoteur du site d\u2019Aincourt, en partenariat avec PROTUNIX, <!--more-->le laboratoire d\u2019ortho-proth\u00e8ses situ\u00e9 \u00e0 Saint-Ouen-l\u2019Aum\u00f4ne, organise une <strong>journ\u00e9e d\u2019\u00e9changes (r\u00e9serv\u00e9e aux professionnels) sur la prise en charge de l&rsquo;amput\u00e9 le lundi 25 novembre de 12h \u00e0 15h.<\/strong><\/p>\n<p>Seront pr\u00e9sent\u00e9s :<\/p>\n<p>-Les indications m\u00e9dicales et le parcours patient<br \/>\n-Les protocoles de soins, d&rsquo;appareillage et de r\u00e9\u00e9ducation<br \/>\n-La d\u00e9marche d&rsquo;\u00e9ducation th\u00e9rapeutique<br \/>\n-L&rsquo;\u00e9quipe pluridisciplinaire, les locaux et le mat\u00e9riel<\/p>\n<p>Les participants pourront ensuite visiter le plateau technique.<\/p>\n","protected":false},"featured_media":0,"parent":0,"template":"","meta":{"_acf_changed":false,"_links_to":"","_links_to_target":""},"class_list":["post-724","actu","type-actu","status-publish","hentry"],"acf":[],"_links":{"self":[{"href":"https:\/\/hopital-novo.fr\/ghi-vexin\/wp-json\/wp\/v2\/actu\/724","targetHints":{"allow":["GET"]}}],"collection":[{"href":"https:\/\/hopital-novo.fr\/ghi-vexin\/wp-json\/wp\/v2\/actu"}],"about":[{"href":"https:\/\/hopital-novo.fr\/ghi-vexin\/wp-json\/wp\/v2\/types\/actu"}],"wp:attachment":[{"href":"https:\/\/hopital-novo.fr\/ghi-vexin\/wp-json\/wp\/v2\/media?parent=724"}],"curies":[{"name":"wp","href":"https:\/\/api.w.org\/{rel}","templated":true}]}}