{"id":381,"date":"2019-05-15T11:28:27","date_gmt":"2019-05-15T09:28:27","guid":{"rendered":"https:\/\/www.ght-novo.fr\/ghi-vexin\/\/?post_type=actu&#038;p=381"},"modified":"2019-05-15T11:28:58","modified_gmt":"2019-05-15T09:28:58","slug":"campagne-interregionale-experience-des-usagers-vis-a-vis-de-la-douleur","status":"publish","type":"actu","link":"https:\/\/hopital-novo.fr\/ghi-vexin\/actu\/campagne-interregionale-experience-des-usagers-vis-a-vis-de-la-douleur\/","title":{"rendered":"Exp\u00e9rience des usagers vis-\u00e0-vis de la douleur"},"content":{"rendered":"<p><span class=\"\">La campagne interr\u00e9gionale \u00abExp\u00e9rience des usagers vis-\u00e0-vis de la douleur \u00bb a \u00e9t\u00e9 conduite entre le 8 et le 30 janvier 2018 sur l\u2019ensemble des services des secteurs sanitaire et m\u00e9dicosocial du GHIV.<\/span><\/p>\n<p><span class=\"\">Le point de vue des usagers \u00e9tant de plus en plus attendu sur les questions de qualit\u00e9 et de s\u00e9curit\u00e9 des soins, compl\u00e9mentairement au regard des professionnels, c\u2019est l\u2019exp\u00e9rience des usagers vis-\u00e0-vis de la douleur que cette campagne se proposait de mesurer.<\/span><\/p>\n<p><span class=\"\">Apr\u00e8s les restitutions des r\u00e9sultats de cette campagne dans les services de soins, plusieurs actions ont d\u00e9j\u00e0 \u00e9t\u00e9 men\u00e9es, notamment la mise en place du support de tra\u00e7abilit\u00e9 du suivi de l\u2019\u00e9valuation de la douleur pour les services qui ne l\u2019utilisaient pas.\u00a0<\/span><\/p>\n","protected":false},"featured_media":0,"parent":0,"template":"","meta":{"_acf_changed":false,"_links_to":"","_links_to_target":""},"class_list":["post-381","actu","type-actu","status-publish","hentry"],"acf":[],"_links":{"self":[{"href":"https:\/\/hopital-novo.fr\/ghi-vexin\/wp-json\/wp\/v2\/actu\/381","targetHints":{"allow":["GET"]}}],"collection":[{"href":"https:\/\/hopital-novo.fr\/ghi-vexin\/wp-json\/wp\/v2\/actu"}],"about":[{"href":"https:\/\/hopital-novo.fr\/ghi-vexin\/wp-json\/wp\/v2\/types\/actu"}],"wp:attachment":[{"href":"https:\/\/hopital-novo.fr\/ghi-vexin\/wp-json\/wp\/v2\/media?parent=381"}],"curies":[{"name":"wp","href":"https:\/\/api.w.org\/{rel}","templated":true}]}}