{"id":2107,"date":"2024-12-09T14:13:45","date_gmt":"2024-12-09T13:13:45","guid":{"rendered":"https:\/\/hopital-novo.fr\/ghi-vexin\/?post_type=actu&#038;p=2107"},"modified":"2024-12-09T14:13:45","modified_gmt":"2024-12-09T13:13:45","slug":"excellence-palmares-2024-des-hopitaux-et-cliniques","status":"publish","type":"actu","link":"https:\/\/hopital-novo.fr\/ghi-vexin\/actu\/excellence-palmares-2024-des-hopitaux-et-cliniques\/","title":{"rendered":"[EXCELLENCE] Palmar\u00e8s 2024 des H\u00f4pitaux et Cliniques"},"content":{"rendered":"<p><strong><span class=\"break-words tvm-parent-container\"><span dir=\"ltr\">Fiers de notre engagement et de notre excellence !<\/span><\/span><\/strong><\/p>\n<p><strong>L\u2019H\u00f4pital NOVO se distingue dans le Palmar\u00e8s 2024 des h\u00f4pitaux et cliniques du journal Le Point, qui a \u00e9valu\u00e9 et class\u00e9 1400 \u00e9tablissements fran\u00e7ais dans 85 sp\u00e9cialit\u00e9s, avec 9 sp\u00e9cialit\u00e9s r\u00e9compens\u00e9es.<\/strong><\/p>\n<p>Une belle reconnaissance qui refl\u00e8te la qualit\u00e9 de nos soins et le d\u00e9vouement remarquable de nos \u00e9quipes.<\/p>\n<p>BRAVO et MERCI \u00e0 toutes \u00e9quipes pour leur professionnalisme et leur engagement au service de nos patients.<\/p>\n<p>&nbsp;<\/p>\n<p>\u27a1\ufe0f <strong>15eme place<\/strong> pour les <strong>accouchements \u00e0 risques<\/strong> : la maternit\u00e9 de Pontoise est class\u00e9e 15eme Maternit\u00e9 de France (sur les 68 h\u00f4pitaux \u00e9valu\u00e9s), et 4eme d\u2019Ile de France, avec une note de 17,71\/20.<\/p>\n<p><span class=\"break-words tvm-parent-container\"><span dir=\"ltr\">\u27a1\ufe0f <strong>A noter la 99eme place pour les accouchements normaux de la maternit\u00e9 de Beaumont (sur 393 h\u00f4pitaux et cliniques \u00e9valu\u00e9s) qui entre pour la premi\u00e8re fois dans ce classement, avec une note de 16.38\/20 !<\/strong><\/span><\/span><\/p>\n<p><span class=\"break-words tvm-parent-container\"><span dir=\"ltr\">\u27a1\ufe0f<strong> 38eme place<\/strong> pour la prise en charge du<strong> cancer de la prostate<\/strong>, avec une note de 15.93\/20 (sur 138 h\u00f4pitaux \u00e9valu\u00e9s). <\/span><\/span><\/p>\n<p><span class=\"break-words tvm-parent-container\"><span dir=\"ltr\">\u27a1\ufe0f <strong>40eme place<\/strong> pour l\u2019<strong>appendicite<\/strong> au niveau national, et 5eme en Ile-de-France, avec une note de 16.80\/20.<\/span><\/span><\/p>\n<p><span class=\"break-words tvm-parent-container\"><span dir=\"ltr\">\u27a1\ufe0f<strong>1er h\u00f4pital d\u2019Ile de Franc<\/strong>e dans la <strong>Chirurgie des amygdales<\/strong> et 5ieme en national, avec une note de 18.83\/20.<\/span><\/span><\/p>\n<p><span class=\"break-words tvm-parent-container\"><span dir=\"ltr\">\u27a1\ufe0f <strong>43eme place<\/strong> au niveau national sur la <strong>Chirurgie maxillo-faciale<\/strong> , avec une note de 16.04\/20.<\/span><\/span><\/p>\n<p><span class=\"break-words tvm-parent-container\"><span dir=\"ltr\">\u27a1\ufe0f <strong>25eme place<\/strong> sur la <strong>Chirurgie Nez et Sinus<\/strong>, et 8ieme \u00cele de France, avec une note de 17\/20.<\/span><\/span><\/p>\n<p><span class=\"break-words tvm-parent-container\"><span dir=\"ltr\">\u27a1\ufe0f <strong>46eme place<\/strong> pour le <strong>cancer du sein<\/strong> (sur les 216 h\u00f4pitaux ayant pratiqu\u00e9 au moins douze actes de chirurgie du cancer du sein en 2022) avec une note de 16.10\/20<\/span><\/span><\/p>\n<p><span class=\"break-words tvm-parent-container\"><span dir=\"ltr\">\u27a1\ufe0f <strong>38eme rang national<\/strong> pour la <strong>v\u00e9sicule biliaire<\/strong> et 5eme en Ile-de-France, avec une note de 16.80\/20.<\/span><\/span><\/p>\n<p>&nbsp;<\/p>\n<p><em>Pour acc\u00e9der au classement : \u00a0<\/em><a class=\"EvQUJBaxIRgFetdTQjAXvpGhCNvVbYEbE \" href=\"https:\/\/lnkd.in\/gNp-FUr\" target=\"_self\" rel=\"noopener\" data-test-app-aware-link=\"\"><em>https:\/\/lnkd.in\/gNp-FUr<\/em><\/a><\/p>\n<p>&nbsp;<\/p>\n<p><a href=\"https:\/\/lnkd.in\/gNp-FUr\" target=\"_blank\" rel=\"noopener\"><img loading=\"lazy\" decoding=\"async\" class=\"aligncenter size-full wp-image-2108\" src=\"https:\/\/hopital-novo.fr\/ghi-vexin\/wp-content\/uploads\/2024\/12\/couverture-Le-Point-2.png\" alt=\"\" width=\"890\" height=\"540\" srcset=\"https:\/\/hopital-novo.fr\/ghi-vexin\/wp-content\/uploads\/2024\/12\/couverture-Le-Point-2.png 890w, https:\/\/hopital-novo.fr\/ghi-vexin\/wp-content\/uploads\/2024\/12\/couverture-Le-Point-2-300x182.png 300w, https:\/\/hopital-novo.fr\/ghi-vexin\/wp-content\/uploads\/2024\/12\/couverture-Le-Point-2-768x466.png 768w\" sizes=\"auto, (max-width: 890px) 100vw, 890px\" \/><\/a><\/p>\n","protected":false},"featured_media":0,"parent":0,"template":"","meta":{"_acf_changed":false,"_links_to":"","_links_to_target":""},"class_list":["post-2107","actu","type-actu","status-publish","hentry"],"acf":[],"_links":{"self":[{"href":"https:\/\/hopital-novo.fr\/ghi-vexin\/wp-json\/wp\/v2\/actu\/2107","targetHints":{"allow":["GET"]}}],"collection":[{"href":"https:\/\/hopital-novo.fr\/ghi-vexin\/wp-json\/wp\/v2\/actu"}],"about":[{"href":"https:\/\/hopital-novo.fr\/ghi-vexin\/wp-json\/wp\/v2\/types\/actu"}],"wp:attachment":[{"href":"https:\/\/hopital-novo.fr\/ghi-vexin\/wp-json\/wp\/v2\/media?parent=2107"}],"curies":[{"name":"wp","href":"https:\/\/api.w.org\/{rel}","templated":true}]}}