{"id":1332,"date":"2021-10-04T17:41:33","date_gmt":"2021-10-04T15:41:33","guid":{"rendered":"https:\/\/www.ght-novo.fr\/ghi-vexin\/?post_type=actu&#038;p=1332"},"modified":"2021-10-04T17:41:33","modified_gmt":"2021-10-04T15:41:33","slug":"semaines-dinformation-sur-la-sante-mentale","status":"publish","type":"actu","link":"https:\/\/hopital-novo.fr\/ghi-vexin\/actu\/semaines-dinformation-sur-la-sante-mentale\/","title":{"rendered":"Semaines d&rsquo;Information sur la Sant\u00e9 Mentale"},"content":{"rendered":"<p>La 32<sup>\u00e8me<\/sup> \u00e9dition des SISM a pour th\u00e8me <em><strong>\u00abPour ma sant\u00e9 mentale, respectons mes droits !\u00bb<\/strong><\/em>.<\/p>\n<p><!--more--><\/p>\n<p>Parce que la sant\u00e9 mentale nous concerne tous, la Communaut\u00e9 d\u2019agglom\u00e9ration de Cergy-Pontoise et ses partenaires ont r\u00e9alis\u00e9 des <strong>micro-documentaires<\/strong> sur le sujet. Ces vid\u00e9os abordent <strong>la question du respect des droits des personnes concern\u00e9es par les troubles psychiques.<\/strong> Vous pouvez les visionner en cliquant sur les liens ci-dessous :<\/p>\n<p>&#8211; Droit \u00e0 la mobilit\u00e9 et \u00e0 la vie sociale : <a href=\"https:\/\/www.youtube.com\/watch?v=b8eO8-LiaZY\" target=\"_blank\" rel=\"noopener noreferrer\">https:\/\/www.youtube.com\/watch?v=b8eO8-LiaZY<\/a><br \/>\n&#8211; Droit \u00e0 la bienveillance : <a href=\"https:\/\/www.youtube.com\/watch?v=JKlnwIuVVJ8\" target=\"_blank\" rel=\"noopener noreferrer\">https:\/\/www.youtube.com\/watch?v=JKlnwIuVVJ8<\/a><br \/>\n&#8211; Droit \u00e0 l\u2019inclusion sociale : <a href=\"https:\/\/www.youtube.com\/watch?v=8IkpU-aJFxA\" target=\"_blank\" rel=\"noopener noreferrer\">https:\/\/www.youtube.com\/watch?v=8IkpU-aJFxA<\/a><\/p>\n<p>Une projection-\u00e9change sur la th\u00e9matique \u00ab Droit \u00e0 l\u2019acc\u00e8s aux soins : de la complexit\u00e9 des parcours de soin pour les personnes concern\u00e9es par les troubles psychiques \u00bb, se d\u00e9roulera le 15 octobre aux Maisons Hospitali\u00e8res de Cergy. Pour en savoir plus et pour vous inscrire, cliquez-ici :\u00a0<a href=\"https:\/\/13commeune.fr\/actualite\/parlons-de-la-sante-mentale\/\" target=\"_blank\" rel=\"noopener noreferrer\">https:\/\/13commeune.fr\/actualite\/parlons-de-la-sante-mentale\/<\/a><\/p>\n<p>&nbsp;<\/p>\n<p><img loading=\"lazy\" decoding=\"async\" class=\"wp-image-1333 aligncenter\" src=\"https:\/\/hopital-novo.fr\/ghi-vexin\/wp-content\/uploads\/2021\/10\/Affiche-SISM.png\" alt=\"\" width=\"450\" height=\"636\" srcset=\"https:\/\/hopital-novo.fr\/ghi-vexin\/wp-content\/uploads\/2021\/10\/Affiche-SISM.png 644w, https:\/\/hopital-novo.fr\/ghi-vexin\/wp-content\/uploads\/2021\/10\/Affiche-SISM-212x300.png 212w\" sizes=\"auto, (max-width: 450px) 100vw, 450px\" \/><\/p>\n<p>&nbsp;<\/p>\n","protected":false},"featured_media":0,"parent":0,"template":"","meta":{"_acf_changed":false,"_links_to":"","_links_to_target":""},"class_list":["post-1332","actu","type-actu","status-publish","hentry"],"acf":[],"_links":{"self":[{"href":"https:\/\/hopital-novo.fr\/ghi-vexin\/wp-json\/wp\/v2\/actu\/1332","targetHints":{"allow":["GET"]}}],"collection":[{"href":"https:\/\/hopital-novo.fr\/ghi-vexin\/wp-json\/wp\/v2\/actu"}],"about":[{"href":"https:\/\/hopital-novo.fr\/ghi-vexin\/wp-json\/wp\/v2\/types\/actu"}],"wp:attachment":[{"href":"https:\/\/hopital-novo.fr\/ghi-vexin\/wp-json\/wp\/v2\/media?parent=1332"}],"curies":[{"name":"wp","href":"https:\/\/api.w.org\/{rel}","templated":true}]}}