{"id":1220,"date":"2021-05-11T13:45:51","date_gmt":"2021-05-11T11:45:51","guid":{"rendered":"https:\/\/www.ght-novo.fr\/ghi-vexin\/?post_type=actu&#038;p=1220"},"modified":"2021-05-11T13:45:51","modified_gmt":"2021-05-11T11:45:51","slug":"communique-de-presse-lancement-officiel-du-plan-de-modernisation-du-ght-novo","status":"publish","type":"actu","link":"https:\/\/hopital-novo.fr\/ghi-vexin\/actu\/communique-de-presse-lancement-officiel-du-plan-de-modernisation-du-ght-novo\/","title":{"rendered":"Communiqu\u00e9 de presse : Lancement officiel du plan de modernisation du GHT NOVO"},"content":{"rendered":"<p style=\"text-align: left;\"><span style=\"font-size: 12pt;\">Dans le cadre de la pr\u00e9sentation du \u00ab plan Val d\u2019Oise \u00bb le vendredi 7 mai 2021, le Premier Ministre monsieur Jean CASTEX a officiellement donn\u00e9 le feu vert au lancement du plan de modernisation de l\u2019offre de soins pr\u00e9par\u00e9 par le GHT NOVO depuis 2019.<\/span><\/p>\n<p style=\"text-align: left;\"><span style=\"font-size: 12pt;\"><!--more--><\/span><\/p>\n<p style=\"text-align: left;\"><span style=\"font-size: 12pt;\">L\u2019ensemble des \u00e9quipes (m\u00e9dicales, param\u00e9dicales, administratives, techniques, logistiques..) voient dans la d\u00e9claration du Premier Ministre l\u2019aboutissement du travail colossal men\u00e9 par chacun ces derniers mois, et ce malgr\u00e9 la crise sanitaire qui a durement frapp\u00e9 nos \u00e9tablissements.<\/span><\/p>\n<p style=\"text-align: left;\"><span style=\"font-size: 12pt;\">La modernisation du GHT NOVO s\u2019articule autour du Projet M\u00e9dical de Territoire (PMP) et la constitution de fili\u00e8res de soins sur l\u2019ensemble du bassin de sant\u00e9.<\/span><\/p>\n<p style=\"text-align: left;\"><span style=\"font-size: 12pt;\">Les enjeux majeurs de ce projet sont : une qualit\u00e9 des soins accessible \u00e0 tous, des parcours plus fluides pour les patients, des moyens d\u00e9di\u00e9s \u00e0 l\u2019innovation, des liens accrus avec les acteurs de la sant\u00e9 sur le territoire et une meilleure qualit\u00e9 de travail pour les professionnels.<\/span><\/p>\n<p style=\"text-align: left;\"><span style=\"font-size: 12pt;\">La reconstruction et modernisation des sites hospitaliers est d\u00e9taill\u00e9e dans le Sch\u00e9ma Directeur Immobilier (SDI) du GHT en cours de finalisation, pour un montant global estim\u00e9 de 500 millions d\u2019euros, dont 350 millions d\u2019euros pour le site de Pontoise (CH Ren\u00e9 DUBOS, \u00e9tablissement support), dont la reconstruction constituera la premi\u00e8re \u00e9tape du plan de modernisation. Les sites de Magny-en-Vexin et Beaumont-sur-Oise sont \u00e9galement directement concern\u00e9s par des projets immobiliers d\u2019envergure \u00e0 mener.<\/span><\/p>\n<p style=\"text-align: left;\"><span style=\"font-size: 12pt;\">C\u2019est \u00e0 l\u2019issue de la pr\u00e9sentation du projet global au CNIS (Conseil National de l\u2019Investissement en Sant\u00e9), que nous connaitrons le montant exact de l\u2019aide accord\u00e9e par l\u2019Etat.<\/span><\/p>\n<p>&nbsp;<\/p>\n<p style=\"text-align: left;\"><a href=\"https:\/\/hopital-novo.fr\/ghi-vexin\/wp-content\/uploads\/2021\/05\/CP-Annonce-J-Castex-2021-DEF.pdf\" target=\"_blank\" rel=\"noopener\"><strong><span style=\"font-size: 12pt;\">Cliquez ici pour t\u00e9l\u00e9charger le communiqu\u00e9 de presse.<\/span><\/strong><\/a><\/p>\n","protected":false},"featured_media":0,"parent":0,"template":"","meta":{"_acf_changed":false,"_links_to":"","_links_to_target":""},"class_list":["post-1220","actu","type-actu","status-publish","hentry"],"acf":[],"_links":{"self":[{"href":"https:\/\/hopital-novo.fr\/ghi-vexin\/wp-json\/wp\/v2\/actu\/1220","targetHints":{"allow":["GET"]}}],"collection":[{"href":"https:\/\/hopital-novo.fr\/ghi-vexin\/wp-json\/wp\/v2\/actu"}],"about":[{"href":"https:\/\/hopital-novo.fr\/ghi-vexin\/wp-json\/wp\/v2\/types\/actu"}],"wp:attachment":[{"href":"https:\/\/hopital-novo.fr\/ghi-vexin\/wp-json\/wp\/v2\/media?parent=1220"}],"curies":[{"name":"wp","href":"https:\/\/api.w.org\/{rel}","templated":true}]}}