{"id":1020,"date":"2020-11-24T11:40:04","date_gmt":"2020-11-24T10:40:04","guid":{"rendered":"https:\/\/www.ght-novo.fr\/ghi-vexin\/?post_type=actu&#038;p=1020"},"modified":"2020-11-24T11:40:04","modified_gmt":"2020-11-24T10:40:04","slug":"journees-nationales-de-la-macula","status":"publish","type":"actu","link":"https:\/\/hopital-novo.fr\/ghi-vexin\/actu\/journees-nationales-de-la-macula\/","title":{"rendered":"Journ\u00e9es nationales de la macula"},"content":{"rendered":"<p>La COVID-19 n\u2019arr\u00eate pas les maladies de la macula ! Les journ\u00e9es nationales de la macula ont lieu durant toute la semaine du 23 au 28 novembre.<\/p>\n<p><!--more--><\/p>\n<p>A cette occasion, les patients souffrant d&rsquo;une maculopathie sont incit\u00e9s \u00e0 poursuivre leurs traitements. Et parce qu\u2019un suivi de ces maladies est essentiel, les personnes constatant des sympt\u00f4mes maculaires (lignes d\u00e9form\u00e9es et baisse de l\u2019acuit\u00e9 visuelle, difficult\u00e9 \u00e0 percevoir les couleurs, vision trouble\u2026) ne doivent pas h\u00e9siter \u00e0 consulter en urgence un ophtalmologue.<\/p>\n<p><strong>Pour plus d\u2019informations, rendez-vous sur <a href=\"http:\/\/www.journees-macula.fr\/\" target=\"_blank\" rel=\"noopener noreferrer\">http:\/\/www.journees-macula.fr\/<\/a><\/strong><\/p>\n<p><img loading=\"lazy\" decoding=\"async\" class=\"alignnone size-medium wp-image-1022\" src=\"https:\/\/hopital-novo.fr\/ghi-vexin\/wp-content\/uploads\/2020\/11\/126525219_4250125838339241_5316734151323065881_n-300x300.png\" alt=\"\" width=\"300\" height=\"300\" srcset=\"https:\/\/hopital-novo.fr\/ghi-vexin\/wp-content\/uploads\/2020\/11\/126525219_4250125838339241_5316734151323065881_n-300x300.png 300w, https:\/\/hopital-novo.fr\/ghi-vexin\/wp-content\/uploads\/2020\/11\/126525219_4250125838339241_5316734151323065881_n-150x150.png 150w, https:\/\/hopital-novo.fr\/ghi-vexin\/wp-content\/uploads\/2020\/11\/126525219_4250125838339241_5316734151323065881_n.png 526w\" sizes=\"auto, (max-width: 300px) 100vw, 300px\" \/> <img loading=\"lazy\" decoding=\"async\" class=\"alignnone size-medium wp-image-1021\" src=\"https:\/\/hopital-novo.fr\/ghi-vexin\/wp-content\/uploads\/2020\/11\/126166124_4244273695591122_551223655686012317_n-300x300.png\" alt=\"\" width=\"300\" height=\"300\" srcset=\"https:\/\/hopital-novo.fr\/ghi-vexin\/wp-content\/uploads\/2020\/11\/126166124_4244273695591122_551223655686012317_n-300x300.png 300w, https:\/\/hopital-novo.fr\/ghi-vexin\/wp-content\/uploads\/2020\/11\/126166124_4244273695591122_551223655686012317_n-150x150.png 150w, https:\/\/hopital-novo.fr\/ghi-vexin\/wp-content\/uploads\/2020\/11\/126166124_4244273695591122_551223655686012317_n.png 526w\" sizes=\"auto, (max-width: 300px) 100vw, 300px\" \/><\/p>\n","protected":false},"featured_media":0,"parent":0,"template":"","meta":{"_acf_changed":false,"_links_to":"","_links_to_target":""},"class_list":["post-1020","actu","type-actu","status-publish","hentry"],"acf":[],"_links":{"self":[{"href":"https:\/\/hopital-novo.fr\/ghi-vexin\/wp-json\/wp\/v2\/actu\/1020","targetHints":{"allow":["GET"]}}],"collection":[{"href":"https:\/\/hopital-novo.fr\/ghi-vexin\/wp-json\/wp\/v2\/actu"}],"about":[{"href":"https:\/\/hopital-novo.fr\/ghi-vexin\/wp-json\/wp\/v2\/types\/actu"}],"wp:attachment":[{"href":"https:\/\/hopital-novo.fr\/ghi-vexin\/wp-json\/wp\/v2\/media?parent=1020"}],"curies":[{"name":"wp","href":"https:\/\/api.w.org\/{rel}","templated":true}]}}